{"id":11517,"date":"2026-03-27T13:38:26","date_gmt":"2026-03-27T13:38:26","guid":{"rendered":"https:\/\/www.iesmurgi.org\/web4.0\/?p=11517"},"modified":"2026-03-27T13:38:29","modified_gmt":"2026-03-27T13:38:29","slug":"listado-provisional-admitidos-a-movilidad-erasmus-de-practicas-a-portugal","status":"publish","type":"post","link":"https:\/\/www.iesmurgi.org\/web4.0\/listado-provisional-admitidos-a-movilidad-erasmus-de-practicas-a-portugal\/","title":{"rendered":"Listado provisional admitidos a movilidad Erasmus+ de pr\u00e1cticas a Portugal"},"content":{"rendered":"\n<p class=\"wp-block-paragraph\">Se hace p\u00fablico el listado provisional de admitidos y excluidos en la&nbsp;<strong>movilidad pr\u00e1cticas de 15 d\u00edas a Portugal para alumnos de 1\u00ba de Grado Medio y FPB<\/strong>. Dicho listado se encontrar\u00e1 tambi\u00e9n publicado en la p\u00e1gina web del centro para su consulta.<\/p>\n\n\n\n<p class=\"wp-block-paragraph\">A partir de hoy, se abre un plazo de tres d\u00edas para realizar las alegaciones oportunas a trav\u00e9s de ventanilla electr\u00f3nica o mediante el correo electr\u00f3nico de administraci\u00f3n&nbsp;<a href=\"mailto:administracion@iesmurgi.org\" target=\"_blank\" rel=\"noreferrer noopener\">administracion@iesmurgi.org<\/a><\/p>\n\n\n\n<p class=\"wp-block-paragraph\">En el caso en que no se presenten alegaciones al listado provisional, \u00e9ste tendr\u00e1 la consideraci\u00f3n de DEFINITIVO a partir del 6 de abril de 2026.<\/p>\n\n\n\n<p class=\"wp-block-paragraph\">Para aquellos seleccionados, os env\u00edo el link del acceso a la grabaci\u00f3n de la sesi\u00f3n informativa. Por favor, revisadlo detenidamente para saber como proceder:\u00a0<a href=\"https:\/\/www.dropbox.com\/scl\/fo\/3ik6xwmi1ic4f0wc3auxw\/AOET4SBM0Lr4z_uiRdeD3Qo?rlkey=4gsu44i28zx3vhp36x635v9ug&amp;e=2&amp;dl=0\" target=\"_blank\" rel=\"noreferrer noopener\">https:\/\/www.dropbox.com\/scl\/fo\/3ik6xwmi1ic4f0wc3auxw\/AOET4SBM0Lr4z_uiRdeD3Qo?rlkey=4gsu44i28zx3vhp36x635v9ug&amp;e=2&amp;dl=0<\/a>\u00a0<\/p>\n\n\n\n<div data-wp-interactive=\"core\/file\" class=\"wp-block-file\"><object data-wp-bind--hidden=\"!state.hasPdfPreview\" hidden class=\"wp-block-file__embed\" data=\"https:\/\/www.iesmurgi.org\/web4.0\/wp-content\/uploads\/2026\/03\/Listado_Provisional_Erasmus_Alboran15D_2026.pdf\" type=\"application\/pdf\" style=\"width:100%;height:600px\" aria-label=\"Incrustado de Listado_Provisional_Erasmus_Alboran15D_2026.\"><\/object><a id=\"wp-block-file--media-3d355394-148d-47d2-bf88-e32ea06735b8\" href=\"https:\/\/www.iesmurgi.org\/web4.0\/wp-content\/uploads\/2026\/03\/Listado_Provisional_Erasmus_Alboran15D_2026.pdf\">Listado_Provisional_Erasmus_Alboran15D_2026<\/a><a href=\"https:\/\/www.iesmurgi.org\/web4.0\/wp-content\/uploads\/2026\/03\/Listado_Provisional_Erasmus_Alboran15D_2026.pdf\" class=\"wp-block-file__button wp-element-button\" download aria-describedby=\"wp-block-file--media-3d355394-148d-47d2-bf88-e32ea06735b8\">Descarga<\/a><\/div>\n","protected":false},"excerpt":{"rendered":"<p>Se hace p\u00fablico el listado provisional de admitidos y excluidos en la&nbsp;movilidad pr\u00e1cticas de 15 d\u00edas a Portugal para alumnos de 1\u00ba de Grado Medio y FPB. Dicho listado se encontrar\u00e1 tambi\u00e9n publicado en la p\u00e1gina web del centro para su consulta. A partir de hoy, se abre un plazo de tres d\u00edas para realizar [&hellip;]<\/p>\n","protected":false},"author":1,"featured_media":11521,"comment_status":"closed","ping_status":"closed","sticky":false,"template":"","format":"standard","meta":{"_jetpack_memberships_contains_paid_content":false,"footnotes":""},"categories":[50,34,11,14],"tags":[],"class_list":["post-11517","post","type-post","status-publish","format-standard","has-post-thumbnail","hentry","category-bilinguismo","category-dpto-ingles","category-erasmus","category-noticias"],"jetpack_sharing_enabled":true,"jetpack_featured_media_url":"https:\/\/www.iesmurgi.org\/web4.0\/wp-content\/uploads\/2026\/03\/Erasmus-practicas-300.png","_links":{"self":[{"href":"https:\/\/www.iesmurgi.org\/web4.0\/wp-json\/wp\/v2\/posts\/11517","targetHints":{"allow":["GET"]}}],"collection":[{"href":"https:\/\/www.iesmurgi.org\/web4.0\/wp-json\/wp\/v2\/posts"}],"about":[{"href":"https:\/\/www.iesmurgi.org\/web4.0\/wp-json\/wp\/v2\/types\/post"}],"author":[{"embeddable":true,"href":"https:\/\/www.iesmurgi.org\/web4.0\/wp-json\/wp\/v2\/users\/1"}],"replies":[{"embeddable":true,"href":"https:\/\/www.iesmurgi.org\/web4.0\/wp-json\/wp\/v2\/comments?post=11517"}],"version-history":[{"count":2,"href":"https:\/\/www.iesmurgi.org\/web4.0\/wp-json\/wp\/v2\/posts\/11517\/revisions"}],"predecessor-version":[{"id":11523,"href":"https:\/\/www.iesmurgi.org\/web4.0\/wp-json\/wp\/v2\/posts\/11517\/revisions\/11523"}],"wp:featuredmedia":[{"embeddable":true,"href":"https:\/\/www.iesmurgi.org\/web4.0\/wp-json\/wp\/v2\/media\/11521"}],"wp:attachment":[{"href":"https:\/\/www.iesmurgi.org\/web4.0\/wp-json\/wp\/v2\/media?parent=11517"}],"wp:term":[{"taxonomy":"category","embeddable":true,"href":"https:\/\/www.iesmurgi.org\/web4.0\/wp-json\/wp\/v2\/categories?post=11517"},{"taxonomy":"post_tag","embeddable":true,"href":"https:\/\/www.iesmurgi.org\/web4.0\/wp-json\/wp\/v2\/tags?post=11517"}],"curies":[{"name":"wp","href":"https:\/\/api.w.org\/{rel}","templated":true}]}}