{"id":11491,"date":"2026-03-17T16:51:32","date_gmt":"2026-03-17T16:51:32","guid":{"rendered":"https:\/\/www.iesmurgi.org\/web4.0\/?p=11491"},"modified":"2026-03-24T11:26:15","modified_gmt":"2026-03-24T11:26:15","slug":"recibimos-a-nuestros-socios-erasmus-desde-francia","status":"publish","type":"post","link":"https:\/\/www.iesmurgi.org\/web4.0\/recibimos-a-nuestros-socios-erasmus-desde-francia\/","title":{"rendered":"La prensa local destaca nuestro programa Erasmus+ con Francia"},"content":{"rendered":"\n<p>Dentro de nuestra firme apuesta por una educaci\u00f3n cada vez m\u00e1s internacional y pluriling\u00fce, el IES Murgi ha organizado una nueva movilidad en el marco del programa Erasmus+. En esta ocasi\u00f3n, hemos tenido el gran placer de recibir a un grupo de alumnos y profesores procedentes del <em>Lyc\u00e9e Paul Langevin<\/em> de Toulon (Francia). Como broche a su llegada, nuestros socios europeos fueron acogidos en el Sal\u00f3n de Plenos del Ayuntamiento a modo de bienvenida oficial por la concejala de Turismo de El Ejido, quien les present\u00f3 nuestro municipio y toda su riqueza cultural, agr\u00edcola y paisaj\u00edstica.<\/p>\n\n\n\n<p>El impacto de este intercambio ha sido tan positivo que diversos medios de comunicaci\u00f3n se han hecho eco de la visita. Peri\u00f3dicos y portales digitales como <strong><a href=\"https:\/\/www.lavozdealmeria.com\/provincia\/el-ejido\/479272\/decena-alumnos-francia-visitan-ejido.html\">La Voz de Almer\u00eda<\/a><\/strong>, <strong><a href=\"https:\/\/d-cerca.com\/una-decena-de-alumnos-de-francia-visitan-el-ejido-en-el-marco-del-programa-erasmus-en-el-que-participa-el-ies-murgi\/\">D-Cerca<\/a><\/strong>, <strong><a href=\"https:\/\/elejido.ideal.es\/elejido\/decena-alumnos-francia-visitan-ejido-marco-programa-20260306152944-nt.html\">Ideal El Ejido<\/a><\/strong> y <strong><a href=\"https:\/\/www.almerianoticias.es\/una-decena-de-alumnos-de-francia-visitan-el-ejido-en-el-marco-del-programa-erasmus-en-el-que-participa-el-ies-murgi\">Almer\u00eda Noticias<\/a><\/strong> han querido destacar este encuentro y compartirlo con toda la provincia. <\/p>\n\n\n\n<p>Desde el instituto queremos agradecer tanto al Ayuntamiento como a toda la prensa local y provincial que se sumen a la iniciativa de dar visibilidad a la internacionalizaci\u00f3n de nuestras aulas.<\/p>\n\n\n\n<p>\u00a1Seguiremos trabajando para impulsar proyectos tan beneficiosos para nuestro alumnado y la comarca!<\/p>\n\n\n\n<figure class=\"wp-block-gallery has-nested-images columns-default is-cropped wp-block-gallery-1 is-layout-flex wp-block-gallery-is-layout-flex\">\n<figure class=\"wp-block-image size-large\"><img loading=\"lazy\" decoding=\"async\" width=\"1024\" height=\"576\" data-id=\"11506\" src=\"https:\/\/www.iesmurgi.org\/web4.0\/wp-content\/uploads\/2026\/03\/Erasmus-Francia-01-1024x576.jpeg\" alt=\"\" class=\"wp-image-11506\" srcset=\"https:\/\/www.iesmurgi.org\/web4.0\/wp-content\/uploads\/2026\/03\/Erasmus-Francia-01-1024x576.jpeg 1024w, https:\/\/www.iesmurgi.org\/web4.0\/wp-content\/uploads\/2026\/03\/Erasmus-Francia-01-300x169.jpeg 300w, https:\/\/www.iesmurgi.org\/web4.0\/wp-content\/uploads\/2026\/03\/Erasmus-Francia-01-768x432.jpeg 768w, https:\/\/www.iesmurgi.org\/web4.0\/wp-content\/uploads\/2026\/03\/Erasmus-Francia-01-1536x864.jpeg 1536w, https:\/\/www.iesmurgi.org\/web4.0\/wp-content\/uploads\/2026\/03\/Erasmus-Francia-01.jpeg 1600w\" sizes=\"auto, (max-width: 1024px) 100vw, 1024px\" \/><\/figure>\n\n\n\n<figure class=\"wp-block-image size-large\"><img loading=\"lazy\" decoding=\"async\" width=\"1024\" height=\"576\" data-id=\"11507\" src=\"https:\/\/www.iesmurgi.org\/web4.0\/wp-content\/uploads\/2026\/03\/Erasmus-Francia-02-1024x576.jpeg\" alt=\"\" class=\"wp-image-11507\" srcset=\"https:\/\/www.iesmurgi.org\/web4.0\/wp-content\/uploads\/2026\/03\/Erasmus-Francia-02-1024x576.jpeg 1024w, https:\/\/www.iesmurgi.org\/web4.0\/wp-content\/uploads\/2026\/03\/Erasmus-Francia-02-300x169.jpeg 300w, https:\/\/www.iesmurgi.org\/web4.0\/wp-content\/uploads\/2026\/03\/Erasmus-Francia-02-768x432.jpeg 768w, https:\/\/www.iesmurgi.org\/web4.0\/wp-content\/uploads\/2026\/03\/Erasmus-Francia-02-1536x864.jpeg 1536w, https:\/\/www.iesmurgi.org\/web4.0\/wp-content\/uploads\/2026\/03\/Erasmus-Francia-02.jpeg 1600w\" sizes=\"auto, (max-width: 1024px) 100vw, 1024px\" \/><\/figure>\n\n\n\n<figure class=\"wp-block-image size-large\"><img loading=\"lazy\" decoding=\"async\" width=\"1024\" height=\"576\" data-id=\"11508\" src=\"https:\/\/www.iesmurgi.org\/web4.0\/wp-content\/uploads\/2026\/03\/Erasmus-Francia-01-03-1024x576.jpeg\" alt=\"\" class=\"wp-image-11508\" srcset=\"https:\/\/www.iesmurgi.org\/web4.0\/wp-content\/uploads\/2026\/03\/Erasmus-Francia-01-03-1024x576.jpeg 1024w, https:\/\/www.iesmurgi.org\/web4.0\/wp-content\/uploads\/2026\/03\/Erasmus-Francia-01-03-300x169.jpeg 300w, https:\/\/www.iesmurgi.org\/web4.0\/wp-content\/uploads\/2026\/03\/Erasmus-Francia-01-03-768x432.jpeg 768w, https:\/\/www.iesmurgi.org\/web4.0\/wp-content\/uploads\/2026\/03\/Erasmus-Francia-01-03-1536x864.jpeg 1536w, https:\/\/www.iesmurgi.org\/web4.0\/wp-content\/uploads\/2026\/03\/Erasmus-Francia-01-03.jpeg 1600w\" sizes=\"auto, (max-width: 1024px) 100vw, 1024px\" \/><\/figure>\n\n\n\n<figure class=\"wp-block-image size-large\"><img loading=\"lazy\" decoding=\"async\" width=\"1024\" height=\"576\" data-id=\"11509\" src=\"https:\/\/www.iesmurgi.org\/web4.0\/wp-content\/uploads\/2026\/03\/Erasmus-Francia-04-1024x576.jpeg\" alt=\"\" class=\"wp-image-11509\" srcset=\"https:\/\/www.iesmurgi.org\/web4.0\/wp-content\/uploads\/2026\/03\/Erasmus-Francia-04-1024x576.jpeg 1024w, https:\/\/www.iesmurgi.org\/web4.0\/wp-content\/uploads\/2026\/03\/Erasmus-Francia-04-300x169.jpeg 300w, https:\/\/www.iesmurgi.org\/web4.0\/wp-content\/uploads\/2026\/03\/Erasmus-Francia-04-768x432.jpeg 768w, https:\/\/www.iesmurgi.org\/web4.0\/wp-content\/uploads\/2026\/03\/Erasmus-Francia-04-1536x864.jpeg 1536w, https:\/\/www.iesmurgi.org\/web4.0\/wp-content\/uploads\/2026\/03\/Erasmus-Francia-04.jpeg 1600w\" sizes=\"auto, (max-width: 1024px) 100vw, 1024px\" \/><\/figure>\n\n\n\n<figure class=\"wp-block-image size-large\"><img loading=\"lazy\" decoding=\"async\" width=\"1024\" height=\"576\" data-id=\"11510\" src=\"https:\/\/www.iesmurgi.org\/web4.0\/wp-content\/uploads\/2026\/03\/Erasmus-Francia-05-1024x576.jpeg\" alt=\"\" class=\"wp-image-11510\" srcset=\"https:\/\/www.iesmurgi.org\/web4.0\/wp-content\/uploads\/2026\/03\/Erasmus-Francia-05-1024x576.jpeg 1024w, https:\/\/www.iesmurgi.org\/web4.0\/wp-content\/uploads\/2026\/03\/Erasmus-Francia-05-300x169.jpeg 300w, https:\/\/www.iesmurgi.org\/web4.0\/wp-content\/uploads\/2026\/03\/Erasmus-Francia-05-768x432.jpeg 768w, https:\/\/www.iesmurgi.org\/web4.0\/wp-content\/uploads\/2026\/03\/Erasmus-Francia-05-1536x864.jpeg 1536w, https:\/\/www.iesmurgi.org\/web4.0\/wp-content\/uploads\/2026\/03\/Erasmus-Francia-05.jpeg 1600w\" sizes=\"auto, (max-width: 1024px) 100vw, 1024px\" \/><\/figure>\n\n\n\n<figure class=\"wp-block-image size-large\"><img loading=\"lazy\" decoding=\"async\" width=\"1024\" height=\"577\" data-id=\"11511\" src=\"https:\/\/www.iesmurgi.org\/web4.0\/wp-content\/uploads\/2026\/03\/Erasmus-Francia-06-1024x577.jpeg\" alt=\"\" class=\"wp-image-11511\" srcset=\"https:\/\/www.iesmurgi.org\/web4.0\/wp-content\/uploads\/2026\/03\/Erasmus-Francia-06-1024x577.jpeg 1024w, https:\/\/www.iesmurgi.org\/web4.0\/wp-content\/uploads\/2026\/03\/Erasmus-Francia-06-300x169.jpeg 300w, https:\/\/www.iesmurgi.org\/web4.0\/wp-content\/uploads\/2026\/03\/Erasmus-Francia-06-768x432.jpeg 768w, https:\/\/www.iesmurgi.org\/web4.0\/wp-content\/uploads\/2026\/03\/Erasmus-Francia-06-1536x865.jpeg 1536w, https:\/\/www.iesmurgi.org\/web4.0\/wp-content\/uploads\/2026\/03\/Erasmus-Francia-06.jpeg 2000w\" sizes=\"auto, (max-width: 1024px) 100vw, 1024px\" \/><\/figure>\n<\/figure>\n\n\n\n<p><\/p>\n","protected":false},"excerpt":{"rendered":"<p>Dentro de nuestra firme apuesta por una educaci\u00f3n cada vez m\u00e1s internacional y pluriling\u00fce, el IES Murgi ha organizado una nueva movilidad en el marco del programa Erasmus+. En esta ocasi\u00f3n, hemos tenido el gran placer de recibir a un grupo de alumnos y profesores procedentes del Lyc\u00e9e Paul Langevin de Toulon (Francia). Como broche [&hellip;]<\/p>\n","protected":false},"author":1,"featured_media":11508,"comment_status":"closed","ping_status":"closed","sticky":false,"template":"","format":"standard","meta":{"_jetpack_memberships_contains_paid_content":false,"footnotes":""},"categories":[50,8,32,11,14],"tags":[],"class_list":["post-11491","post","type-post","status-publish","format-standard","has-post-thumbnail","hentry","category-bilinguismo","category-centro","category-dpto-frances","category-erasmus","category-noticias"],"jetpack_sharing_enabled":true,"jetpack_featured_media_url":"https:\/\/www.iesmurgi.org\/web4.0\/wp-content\/uploads\/2026\/03\/Erasmus-Francia-01-03.jpeg","_links":{"self":[{"href":"https:\/\/www.iesmurgi.org\/web4.0\/wp-json\/wp\/v2\/posts\/11491","targetHints":{"allow":["GET"]}}],"collection":[{"href":"https:\/\/www.iesmurgi.org\/web4.0\/wp-json\/wp\/v2\/posts"}],"about":[{"href":"https:\/\/www.iesmurgi.org\/web4.0\/wp-json\/wp\/v2\/types\/post"}],"author":[{"embeddable":true,"href":"https:\/\/www.iesmurgi.org\/web4.0\/wp-json\/wp\/v2\/users\/1"}],"replies":[{"embeddable":true,"href":"https:\/\/www.iesmurgi.org\/web4.0\/wp-json\/wp\/v2\/comments?post=11491"}],"version-history":[{"count":5,"href":"https:\/\/www.iesmurgi.org\/web4.0\/wp-json\/wp\/v2\/posts\/11491\/revisions"}],"predecessor-version":[{"id":11515,"href":"https:\/\/www.iesmurgi.org\/web4.0\/wp-json\/wp\/v2\/posts\/11491\/revisions\/11515"}],"wp:featuredmedia":[{"embeddable":true,"href":"https:\/\/www.iesmurgi.org\/web4.0\/wp-json\/wp\/v2\/media\/11508"}],"wp:attachment":[{"href":"https:\/\/www.iesmurgi.org\/web4.0\/wp-json\/wp\/v2\/media?parent=11491"}],"wp:term":[{"taxonomy":"category","embeddable":true,"href":"https:\/\/www.iesmurgi.org\/web4.0\/wp-json\/wp\/v2\/categories?post=11491"},{"taxonomy":"post_tag","embeddable":true,"href":"https:\/\/www.iesmurgi.org\/web4.0\/wp-json\/wp\/v2\/tags?post=11491"}],"curies":[{"name":"wp","href":"https:\/\/api.w.org\/{rel}","templated":true}]}}