{"id":11452,"date":"2026-03-12T18:14:47","date_gmt":"2026-03-12T18:14:47","guid":{"rendered":"https:\/\/www.iesmurgi.org\/web4.0\/?p=11452"},"modified":"2026-03-17T15:49:52","modified_gmt":"2026-03-17T15:49:52","slug":"charlas-sobre-recursos-juveniles-en-los-ciclos-formativos","status":"publish","type":"post","link":"https:\/\/www.iesmurgi.org\/web4.0\/charlas-sobre-recursos-juveniles-en-los-ciclos-formativos\/","title":{"rendered":"Charlas sobre Recursos Juveniles en los Ciclos Formativos"},"content":{"rendered":"<p>Nos visit\u00f3 Roc\u00edo del centro de informaci\u00f3n juvenil del Ayuntamiento de El Ejido, para impartir charlas sobre recursos juveniles. Carnet joven municipal, carnet joven europeo, red euros y programa de garant\u00eda juvenil. Las charlas han sido impartidas en los Ciclos Formativos de EVA, SMR, GAD Y DAW.<br \/>\n<div id='gallery-1' class='gallery galleryid-11452 gallery-columns-3 gallery-size-thumbnail'><figure class='gallery-item'>\n\t\t\t<div class='gallery-icon landscape'>\n\t\t\t\t<a href='https:\/\/www.iesmurgi.org\/web4.0\/wp-content\/uploads\/2026\/03\/935728098939103.jpg'><img loading=\"lazy\" decoding=\"async\" width=\"150\" height=\"150\" src=\"https:\/\/www.iesmurgi.org\/web4.0\/wp-content\/uploads\/2026\/03\/935728098939103-150x150.jpg\" class=\"attachment-thumbnail size-thumbnail\" alt=\"\" srcset=\"https:\/\/www.iesmurgi.org\/web4.0\/wp-content\/uploads\/2026\/03\/935728098939103-150x150.jpg 150w, https:\/\/www.iesmurgi.org\/web4.0\/wp-content\/uploads\/2026\/03\/935728098939103-500x500.jpg 500w\" sizes=\"auto, (max-width: 150px) 100vw, 150px\" \/><\/a>\n\t\t\t<\/div><\/figure><figure class='gallery-item'>\n\t\t\t<div class='gallery-icon landscape'>\n\t\t\t\t<a href='https:\/\/www.iesmurgi.org\/web4.0\/wp-content\/uploads\/2026\/03\/935728102272436.jpg'><img loading=\"lazy\" decoding=\"async\" width=\"150\" height=\"150\" src=\"https:\/\/www.iesmurgi.org\/web4.0\/wp-content\/uploads\/2026\/03\/935728102272436-150x150.jpg\" class=\"attachment-thumbnail size-thumbnail\" alt=\"\" srcset=\"https:\/\/www.iesmurgi.org\/web4.0\/wp-content\/uploads\/2026\/03\/935728102272436-150x150.jpg 150w, https:\/\/www.iesmurgi.org\/web4.0\/wp-content\/uploads\/2026\/03\/935728102272436-500x500.jpg 500w\" sizes=\"auto, (max-width: 150px) 100vw, 150px\" \/><\/a>\n\t\t\t<\/div><\/figure><figure class='gallery-item'>\n\t\t\t<div class='gallery-icon landscape'>\n\t\t\t\t<a href='https:\/\/www.iesmurgi.org\/web4.0\/wp-content\/uploads\/2026\/03\/935728105605769.jpg'><img loading=\"lazy\" decoding=\"async\" width=\"150\" height=\"150\" src=\"https:\/\/www.iesmurgi.org\/web4.0\/wp-content\/uploads\/2026\/03\/935728105605769-150x150.jpg\" class=\"attachment-thumbnail size-thumbnail\" alt=\"\" srcset=\"https:\/\/www.iesmurgi.org\/web4.0\/wp-content\/uploads\/2026\/03\/935728105605769-150x150.jpg 150w, https:\/\/www.iesmurgi.org\/web4.0\/wp-content\/uploads\/2026\/03\/935728105605769-500x500.jpg 500w\" sizes=\"auto, (max-width: 150px) 100vw, 150px\" \/><\/a>\n\t\t\t<\/div><\/figure><figure class='gallery-item'>\n\t\t\t<div class='gallery-icon landscape'>\n\t\t\t\t<a href='https:\/\/www.iesmurgi.org\/web4.0\/wp-content\/uploads\/2026\/03\/principal-15.jpg'><img loading=\"lazy\" decoding=\"async\" width=\"150\" height=\"150\" src=\"https:\/\/www.iesmurgi.org\/web4.0\/wp-content\/uploads\/2026\/03\/principal-15-150x150.jpg\" class=\"attachment-thumbnail size-thumbnail\" alt=\"\" srcset=\"https:\/\/www.iesmurgi.org\/web4.0\/wp-content\/uploads\/2026\/03\/principal-15-150x150.jpg 150w, https:\/\/www.iesmurgi.org\/web4.0\/wp-content\/uploads\/2026\/03\/principal-15-500x500.jpg 500w\" sizes=\"auto, (max-width: 150px) 100vw, 150px\" \/><\/a>\n\t\t\t<\/div><\/figure>\n\t\t<\/div>\n<\/p>\n","protected":false},"excerpt":{"rendered":"<p>Nos visit\u00f3 Roc\u00edo del centro de informaci\u00f3n juvenil del Ayuntamiento de El Ejido, para impartir charlas sobre recursos juveniles. Carnet joven municipal, carnet joven europeo, red euros y programa de garant\u00eda juvenil. Las charlas han sido impartidas en los Ciclos Formativos de EVA, SMR, GAD Y DAW.<\/p>\n","protected":false},"author":1,"featured_media":11456,"comment_status":"closed","ping_status":"closed","sticky":false,"template":"","format":"standard","meta":{"_jetpack_memberships_contains_paid_content":false,"footnotes":""},"categories":[12,8,38],"tags":[],"class_list":["post-11452","post","type-post","status-publish","format-standard","has-post-thumbnail","hentry","category-actividades_extraescolares","category-centro","category-dpto-orientacion"],"jetpack_sharing_enabled":true,"jetpack_featured_media_url":"https:\/\/www.iesmurgi.org\/web4.0\/wp-content\/uploads\/2026\/03\/principal-15.jpg","_links":{"self":[{"href":"https:\/\/www.iesmurgi.org\/web4.0\/wp-json\/wp\/v2\/posts\/11452","targetHints":{"allow":["GET"]}}],"collection":[{"href":"https:\/\/www.iesmurgi.org\/web4.0\/wp-json\/wp\/v2\/posts"}],"about":[{"href":"https:\/\/www.iesmurgi.org\/web4.0\/wp-json\/wp\/v2\/types\/post"}],"author":[{"embeddable":true,"href":"https:\/\/www.iesmurgi.org\/web4.0\/wp-json\/wp\/v2\/users\/1"}],"replies":[{"embeddable":true,"href":"https:\/\/www.iesmurgi.org\/web4.0\/wp-json\/wp\/v2\/comments?post=11452"}],"version-history":[{"count":3,"href":"https:\/\/www.iesmurgi.org\/web4.0\/wp-json\/wp\/v2\/posts\/11452\/revisions"}],"predecessor-version":[{"id":11487,"href":"https:\/\/www.iesmurgi.org\/web4.0\/wp-json\/wp\/v2\/posts\/11452\/revisions\/11487"}],"wp:featuredmedia":[{"embeddable":true,"href":"https:\/\/www.iesmurgi.org\/web4.0\/wp-json\/wp\/v2\/media\/11456"}],"wp:attachment":[{"href":"https:\/\/www.iesmurgi.org\/web4.0\/wp-json\/wp\/v2\/media?parent=11452"}],"wp:term":[{"taxonomy":"category","embeddable":true,"href":"https:\/\/www.iesmurgi.org\/web4.0\/wp-json\/wp\/v2\/categories?post=11452"},{"taxonomy":"post_tag","embeddable":true,"href":"https:\/\/www.iesmurgi.org\/web4.0\/wp-json\/wp\/v2\/tags?post=11452"}],"curies":[{"name":"wp","href":"https:\/\/api.w.org\/{rel}","templated":true}]}}